{"id":99365,"date":"2026-02-07T04:00:06","date_gmt":"2026-02-07T04:00:06","guid":{"rendered":"https:\/\/ikimisli.tr\/?p=99365"},"modified":"2026-02-07T04:00:06","modified_gmt":"2026-02-07T04:00:06","slug":"iki-denizi-ortasindan-ayiriyor","status":"publish","type":"post","link":"https:\/\/ikimisli.tr\/index.php\/2026\/02\/07\/iki-denizi-ortasindan-ayiriyor\/","title":{"rendered":"\u0130ki denizi ortas\u0131ndan ay\u0131r\u0131yor"},"content":{"rendered":"<p>Bahamalar&#8217;\u0131n Eleuthera Adas\u0131&#8217;nda yer alan ve co\u011frafik yap\u0131s\u0131yla d\u00fcnyada gibisi az bulunan Glass Window K\u00f6pr\u00fcs\u00fc, Atlas Okyanusu ile Karayip Denizi\u2019ni (Bight of Eleuthera) birbirinden ay\u0131ran en dar nokta olma \u00f6zelli\u011fini koruyor. Yakla\u015f\u0131k 10 metre geni\u015fli\u011findeki kayal\u0131k bir \u015ferit \u00fczerine kurulu olan b\u00f6lge, iki farkl\u0131 su k\u00fctlesinin yaratt\u0131\u011f\u0131 keskin renk kontrast\u0131yla dikkat \u00e7ekiyor.<\/p>\n<p><b>B\u0130R TARAFTA OKYANUS B\u0130R TARAFTA KARAY\u0130PLER<\/b><\/p>\n<p>Adan\u0131n en dar noktas\u0131nda konumlanan k\u00f6pr\u00fc, iki farkl\u0131 deniz ekosistemini fizik\u00ee olarak ay\u0131r\u0131yor. Bir tarafta derinlik ve g\u00fc\u00e7l\u00fc ak\u0131nt\u0131lar nedeniyle koyu lacivert tona sahip h\u0131r\u00e7\u0131n Atlas Okyanusu yer al\u0131rken, ba\u015fka tarafta s\u0131\u011f ve sakin yap\u0131s\u0131yla turkuaz renkli Karayip Denizi uzan\u0131yor. \u0130ki su k\u00fctlesinin birbirine kar\u0131\u015fmadan, yaln\u0131zca bir asfalt yol ve do\u011fal kaya bariyeriyle ayr\u0131lmas\u0131 b\u00f6lgeye mahsus bir g\u00f6r\u00fcn\u00fcm olu\u015fturuyor.<\/p>\n<p><b>DO\u011eAL KEMERTEN BETON YAPIYA GE\u00c7\u0130\u015e\u00a0<\/b><\/p>\n<p>B\u00f6lge, ismini ge\u00e7mi\u015fte burada bulunan ve &#8220;pencere&#8221; formundaki do\u011fal bir ta\u015f kemerden al\u0131yor ancak y\u0131llar i\u00e7erisinde meydana gelen \u015fiddetli f\u0131rt\u0131nalar ve &#8220;Rogue Wave&#8221; olarak isimlendirilen dev dalgalar, do\u011fal ta\u015f yap\u0131n\u0131n y\u0131k\u0131lmas\u0131na neden oldu. Adan\u0131n kuzey ve g\u00fcney \u00e7izgisi ortas\u0131ndaki ula\u015f\u0131m, bug\u00fcn bu do\u011fal temeller \u00fczerine in\u015fa edilen beton k\u00f6pr\u00fc vas\u0131tas\u0131yla sa\u011flan\u0131yor.<\/p>\n<p><b>K\u00d6PR\u00dc TRAF\u0130\u011eE KAPATILIYOR<\/b><\/p>\n<p>Sanat tarihinde Amerikal\u0131 ressam Winslow Homer\u2019\u0131n 1885 tarihli yap\u0131t\u0131na de bahis olan bu nokta, g\u00fcn\u00fcm\u00fczde k\u0131ymetli bir turistik merkez pozisyonunda. Bununla birlikte, b\u00f6lgedeki g\u00fcvenlik riskleri devam ediyor. Mahall\u00ee yetkililer, okyanus dalgalar\u0131n\u0131n k\u00f6pr\u00fc d\u00fczeyini a\u015fabildi\u011fi f\u0131rt\u0131nal\u0131 devirlerde, can ve mal g\u00fcvenli\u011fi gerek\u00e7esiyle ge\u00e7i\u015flerin durduruldu\u011fu ve k\u00f6pr\u00fcn\u00fcn trafi\u011fe kapat\u0131ld\u0131\u011f\u0131 konusunda ihtarda bulundu.<\/p>\n","protected":false},"excerpt":{"rendered":"<p>Bahamalar&#8217;\u0131n Eleuthera Adas\u0131&#8217;nda bulunan Glass Window K\u00f6pr\u00fcs\u00fc, Atlas Okyanusu ile Karayip Denizi\u2019ni birbirinden ay\u0131ran en dar co\u011frafik nokta olma \u00f6zelli\u011fi ta\u015f\u0131yor. G\u00f6renler hayrete d\u00fc\u015f\u00fcyor&#8230;<\/p>\n","protected":false},"author":1,"featured_media":99366,"comment_status":"open","ping_status":"open","sticky":false,"template":"","format":"standard","meta":{"footnotes":""},"categories":[43],"tags":[361,372],"class_list":["post-99365","post","type-post","status-publish","format-standard","has-post-thumbnail","hentry","category-dunya","tag-dogal","tag-kopru"],"_links":{"self":[{"href":"https:\/\/ikimisli.tr\/index.php\/wp-json\/wp\/v2\/posts\/99365","targetHints":{"allow":["GET"]}}],"collection":[{"href":"https:\/\/ikimisli.tr\/index.php\/wp-json\/wp\/v2\/posts"}],"about":[{"href":"https:\/\/ikimisli.tr\/index.php\/wp-json\/wp\/v2\/types\/post"}],"author":[{"embeddable":true,"href":"https:\/\/ikimisli.tr\/index.php\/wp-json\/wp\/v2\/users\/1"}],"replies":[{"embeddable":true,"href":"https:\/\/ikimisli.tr\/index.php\/wp-json\/wp\/v2\/comments?post=99365"}],"version-history":[{"count":1,"href":"https:\/\/ikimisli.tr\/index.php\/wp-json\/wp\/v2\/posts\/99365\/revisions"}],"predecessor-version":[{"id":99367,"href":"https:\/\/ikimisli.tr\/index.php\/wp-json\/wp\/v2\/posts\/99365\/revisions\/99367"}],"wp:featuredmedia":[{"embeddable":true,"href":"https:\/\/ikimisli.tr\/index.php\/wp-json\/wp\/v2\/media\/99366"}],"wp:attachment":[{"href":"https:\/\/ikimisli.tr\/index.php\/wp-json\/wp\/v2\/media?parent=99365"}],"wp:term":[{"taxonomy":"category","embeddable":true,"href":"https:\/\/ikimisli.tr\/index.php\/wp-json\/wp\/v2\/categories?post=99365"},{"taxonomy":"post_tag","embeddable":true,"href":"https:\/\/ikimisli.tr\/index.php\/wp-json\/wp\/v2\/tags?post=99365"}],"curies":[{"name":"wp","href":"https:\/\/api.w.org\/{rel}","templated":true}]}}