{"id":99411,"date":"2026-02-07T06:48:07","date_gmt":"2026-02-07T06:48:07","guid":{"rendered":"https:\/\/ikimisli.tr\/?p=99411"},"modified":"2026-02-07T06:48:07","modified_gmt":"2026-02-07T06:48:07","slug":"denetimsizlik-felaketi-getirdi-kirazliyaylayi-zehirleyen-baraj","status":"publish","type":"post","link":"https:\/\/ikimisli.tr\/index.php\/2026\/02\/07\/denetimsizlik-felaketi-getirdi-kirazliyaylayi-zehirleyen-baraj\/","title":{"rendered":"Denetimsizlik felaketi getirdi: Kirazl\u0131yayla\u2019y\u0131 zehirleyen baraj"},"content":{"rendered":"<p>Yeni\u015fehir\u2019in Kirazl\u0131yayla Mahallesi\u2019nde meydana gelen baraj \u00e7\u00f6kmesi, b\u00f6lgeyi \u00e7evresel bir felaketin e\u015fi\u011fine getirdi. Tonlarca kimyasal ve a\u011f\u0131r metal i\u00e7erikli at\u0131k, Sar\u0131yar Deresi ve etraf topra\u011f\u0131na kar\u0131\u015f\u0131rken, TMMOB Bursa \u0130l Koordinasyon Kurulu, KESK, D\u0130SK, Bursa Tabip Odas\u0131 ve Bursa Akademik Odalar Birli\u011fi \u00fcyeleri alanda inceleme yapt\u0131 ve bas\u0131n a\u00e7\u0131klamas\u0131 ger\u00e7ekle\u015ftirdi.<\/p>\n<p><b>\u201cA\u011eIR METALLER TOPRA\u011eA VE SUYA YAYILIYOR\u201d<\/b><\/p>\n<p>TMMOB Bursa \u0130l Koordinasyon Kurulu Sekreteri Murat Korkut, baraj \u00e7\u00f6kmesinin s\u0131rf bir \u201ci\u015f kazas\u0131\u201d olmad\u0131\u011f\u0131n\u0131, do\u011fay\u0131 ve b\u00f6lge halk\u0131n\u0131n s\u0131hhatini direkt tehdit eden \u00f6nemli bir etraf felaketi oldu\u011funu vurgulad\u0131. Korkut, \u201cYa\u015fanan olay, madencilik faaliyetlerinde bilimsel ve m\u00fchendislik temellerine uyulmad\u0131\u011f\u0131nda ortaya \u00e7\u0131kabilecek a\u011f\u0131r sonu\u00e7lar\u0131 g\u00f6zler \u00f6n\u00fcne sermektedir\u201d dedi. Korkut, baraj\u0131n bulundu\u011fu alandaki \u00c7ED raporlar\u0131na at\u0131fta bulunarak, heyelan riski, \u00e7ok ya\u011f\u0131\u015f ve at\u0131\u011f\u0131n y\u00fcksek kil i\u00e7eri\u011fi nedeniyle \u00f6zel m\u00fchendislik tedbirleri al\u0131nmas\u0131 gerekti\u011fini, lakin gerekli jeoteknik ve durayl\u0131l\u0131k tahlillerinin yap\u0131l\u0131p yap\u0131lmad\u0131\u011f\u0131n\u0131n bilinmeyen oldu\u011funu belirtti.<\/p>\n<p>Sahadaki incelemelerde, \u00c7ED raporunda \u201cakar dere yoktur\u201d denilmesine kar\u015f\u0131n Sar\u0131yar Deresi\u2019nin bulundu\u011fu ve at\u0131klar\u0131n bu dereye kar\u0131\u015ft\u0131\u011f\u0131 tespit edildi. Korkut, \u201cDere yata\u011f\u0131 toprakla kapat\u0131lmaya \u00e7al\u0131\u015f\u0131lsa da kirli su ak\u0131\u015f\u0131 devam ediyor, a\u011f\u0131r metaller topra\u011fa ve suya yay\u0131l\u0131yor. Bu durum \u00f6n\u00fcm\u00fczdeki y\u0131llarda da kal\u0131c\u0131 bir kirlilik riski yarat\u0131yor\u201d s\u00f6zlerini kulland\u0131.<\/p>\n<p><b>HALK SIHHAT\u0130 TEHD\u0130T ALTINDA<\/b><\/p>\n<p>Korkut, baraj\u0131n etrafa verdi\u011fi zarar\u0131n boyutunu belirlemek i\u00e7in al\u0131nmas\u0131 gereken tedbirleri s\u0131ralad\u0131: Toprak, y\u00fczey ve yeralt\u0131 sular\u0131nda a\u011f\u0131r metal tahlillerinin yap\u0131lmas\u0131, numunelerin al\u0131nmas\u0131, sonu\u00e7lar\u0131n kamuoyuyla payla\u015f\u0131lmas\u0131 ve i\u00e7me suyu kaynaklar\u0131n\u0131n denetim edilmesi gerekti\u011fini vurgulad\u0131. Ayr\u0131yeten, tesisin depolad\u0131\u011f\u0131 at\u0131\u011f\u0131n \u00c7ED taahh\u00fctlerini a\u015f\u0131p a\u015fmad\u0131\u011f\u0131 ve kontrol firmalar\u0131n\u0131n vazifelerini yerine getirip getirmedi\u011fi sorular\u0131n\u0131 g\u00fcndeme ta\u015f\u0131d\u0131.<\/p>\n<p>Korkut a\u00e7\u0131klamas\u0131n\u0131, \u201cDo\u011fa kendini savunamaz. Suyu, topra\u011f\u0131, havay\u0131 korumak hepimizin sorumlulu\u011fudur. Denetimsizli\u011fin bedelini ne tabiat ne de halk \u00f6demek zorunda de\u011fildir. Sorumlular ortaya \u00e7\u0131kar\u0131lana ve hesap verene kadar takip\u00e7isi olaca\u011f\u0131z\u201d kelamlar\u0131yla sonland\u0131rd\u0131.<\/p>\n","protected":false},"excerpt":{"rendered":"<p>Bursa&#8217;n\u0131n Yeni\u015fehir il\u00e7esinde Meyra Madencilik\u2019e ili\u015fkin at\u0131k baraj\u0131n\u0131n \u00e7\u00f6kmesi sonucu tonlarca kimyasal ve a\u011f\u0131r metal i\u00e7erikli at\u0131k dere ve topra\u011fa kar\u0131\u015ft\u0131. TMMOB ve meslek odalar\u0131, b\u00f6lgede incelemelerde bulunarak \u201cBu bir etraf felaketidir\u201d ikaz\u0131nda bulundu.<\/p>\n","protected":false},"author":1,"featured_media":99412,"comment_status":"open","ping_status":"open","sticky":false,"template":"","format":"standard","meta":{"footnotes":""},"categories":[25],"tags":[536,4486,3002],"class_list":["post-99411","post","type-post","status-publish","format-standard","has-post-thumbnail","hentry","category-gundem","tag-agir","tag-dere","tag-korkut"],"_links":{"self":[{"href":"https:\/\/ikimisli.tr\/index.php\/wp-json\/wp\/v2\/posts\/99411","targetHints":{"allow":["GET"]}}],"collection":[{"href":"https:\/\/ikimisli.tr\/index.php\/wp-json\/wp\/v2\/posts"}],"about":[{"href":"https:\/\/ikimisli.tr\/index.php\/wp-json\/wp\/v2\/types\/post"}],"author":[{"embeddable":true,"href":"https:\/\/ikimisli.tr\/index.php\/wp-json\/wp\/v2\/users\/1"}],"replies":[{"embeddable":true,"href":"https:\/\/ikimisli.tr\/index.php\/wp-json\/wp\/v2\/comments?post=99411"}],"version-history":[{"count":1,"href":"https:\/\/ikimisli.tr\/index.php\/wp-json\/wp\/v2\/posts\/99411\/revisions"}],"predecessor-version":[{"id":99413,"href":"https:\/\/ikimisli.tr\/index.php\/wp-json\/wp\/v2\/posts\/99411\/revisions\/99413"}],"wp:featuredmedia":[{"embeddable":true,"href":"https:\/\/ikimisli.tr\/index.php\/wp-json\/wp\/v2\/media\/99412"}],"wp:attachment":[{"href":"https:\/\/ikimisli.tr\/index.php\/wp-json\/wp\/v2\/media?parent=99411"}],"wp:term":[{"taxonomy":"category","embeddable":true,"href":"https:\/\/ikimisli.tr\/index.php\/wp-json\/wp\/v2\/categories?post=99411"},{"taxonomy":"post_tag","embeddable":true,"href":"https:\/\/ikimisli.tr\/index.php\/wp-json\/wp\/v2\/tags?post=99411"}],"curies":[{"name":"wp","href":"https:\/\/api.w.org\/{rel}","templated":true}]}}