{"id":99480,"date":"2026-02-07T10:48:07","date_gmt":"2026-02-07T10:48:07","guid":{"rendered":"https:\/\/ikimisli.tr\/?p=99480"},"modified":"2026-02-07T10:48:07","modified_gmt":"2026-02-07T10:48:07","slug":"yargitay-11-kisinin-oldugu-yilmaz-erbek-apartmani-davasinda-6-sanik-hakkindaki-karari-bozdu","status":"publish","type":"post","link":"https:\/\/ikimisli.tr\/index.php\/2026\/02\/07\/yargitay-11-kisinin-oldugu-yilmaz-erbek-apartmani-davasinda-6-sanik-hakkindaki-karari-bozdu\/","title":{"rendered":"Yarg\u0131tay, 11 ki\u015finin \u00f6ld\u00fc\u011f\u00fc Y\u0131lmaz Erbek Apartman\u0131 davas\u0131nda 6 san\u0131k hakk\u0131ndaki karar\u0131 bozdu"},"content":{"rendered":"<p>Ege Denizi&#8217;nde Seferihisar a\u00e7\u0131klar\u0131nda, 30 Ekim 2020&#8217;de meydana gelen, 117 ki\u015finin hayat\u0131n\u0131 kaybetti\u011fi 6.6 b\u00fcy\u00fckl\u00fc\u011f\u00fcndeki zelzelede, Bayrakl\u0131 il\u00e7esindeki 10 katl\u0131 Y\u0131lmaz Erbek Apartman\u0131&#8217;n\u0131n B bloku da y\u0131k\u0131ld\u0131. Enkaz alt\u0131nda kalan 11 ki\u015fi \u00f6mr\u00fcn\u00fc yitirdi, 11 ki\u015fi de yaraland\u0131. Sars\u0131nt\u0131n\u0131n akabinde ba\u015flat\u0131lan soru\u015fturmada, 2&#8217;si tutuklu, 11 ki\u015fi hakk\u0131nda \u0130zmir 9&#8217;uncu A\u011f\u0131r Ceza Mahkemesi&#8217;nde, &#8216;Bilin\u00e7li taksirle birden fazla ki\u015finin vefat\u0131na ve yaralanmas\u0131na neden olmak&#8217; c\u00fcrm\u00fcnden 20 y\u0131la kadar mahpus cezas\u0131 istemiyle dava a\u00e7\u0131ld\u0131.<\/p>\n<p>Dava s\u00fcrecinde binan\u0131n fenni mesul mimar\u0131 Nurettin Bozdo\u011fan tahliye edildi. Dokuz Eyl\u00fcl \u00dcniversitesi&#8217;nden gelen ek uzman raporunda, binada kolon kesilmedi\u011fi, kolon inceltmesi yap\u0131lmas\u0131 durumunda da binan\u0131n bu formda y\u0131k\u0131lmayaca\u011f\u0131 belirtildi. Raporda binan\u0131n beton kalitesinin \u00e7ok makus oldu\u011fu, binan\u0131n y\u0131k\u0131lmas\u0131n\u0131n da buna ba\u011fl\u0131 oldu\u011funun alt\u0131 \u00e7izildi. \u00d6te yandan kolon kesildi\u011fi teziyle binan\u0131n alt\u0131ndaki bir marketler zinciri \u015firketi hakk\u0131nda y\u00fcr\u00fct\u00fclen soru\u015fturmada, kovu\u015fturmaya yer olmad\u0131\u011f\u0131na karar verildi.<\/p>\n<p>2023 y\u0131l\u0131n\u0131n Haziran ay\u0131nda g\u00f6r\u00fclen duru\u015fmada heyet, tutuklu san\u0131k arsa sahibi Mustafa Y\u0131lmaz&#8217;a 15 y\u0131l mahpus cezas\u0131 verirken, binan\u0131n in\u015faat m\u00fchendisi Ali \u00d6zsoy&#8217;u ise 10 y\u0131l mahpus cezas\u0131na \u00e7arpt\u0131rd\u0131. Yap\u0131 kontrol \u015firketi yetkilileri Binay B\u00fckey ve E\u015fref Perviz To\u011fulga ile fenni mesul Nurettin Bozdo\u011fan&#8217;a ise farkl\u0131 ayr\u0131 7 y\u0131l 6 ay mahpus cezas\u0131 verildi. Mahkeme heyeti, y\u00fcksek jeoloji m\u00fchendisi Aynur B., kooperatif \u00fcyelerinden Ay\u015fe Y., fenni mesul Erg\u00fcn \u0130lkay, kooperatif ba\u015fkan\u0131 Kadriye K., zemin et\u00fcd\u00fc raporuna imza atan in\u015faat m\u00fchendisi P\u0131nar U. ve Zehra Y.S.&#8217;nin de beraatine karar verdi. Lokal mahkemenin karar\u0131 istinafta da onand\u0131.<\/p>\n<p><b>\u0130LKAY&#8217;A CEZA \u0130STEND\u0130<\/b><\/p>\n<p>Taraflar\u0131n karar\u0131 temyiz etmesi \u00fczerine belge Yarg\u0131tay&#8217;a gitti. Belgeyi inceleyen Yarg\u0131tay 12&#8217;nci Ceza Dairesi; Ay\u015fe Y., Kadriye K., Zehra Y.S., taban et\u00fct raporunu haz\u0131rlayan ve imzalayan Aynur B. ile P\u0131nar A.&#8217;ya verilen beraat kararlar\u0131n\u0131 hukuka uygun buldu. Yarg\u0131tay, fenni mesul Erg\u00fcn \u0130lkay&#8217;\u0131n, denetleme ve bildirme y\u00fck\u00fcml\u00fcl\u00fc\u011f\u00fcn\u00fc yerine getirmedi\u011fini ve bu ihmallerin 1&#8217;inci derece zelzele b\u00f6lgesinde mevtle sonu\u00e7lanaca\u011f\u0131n\u0131 \u00f6ng\u00f6rmesi gerekti\u011fine kanaat getirip beraat yerine ceza verilmesi gerekti\u011fine karar verdi.<\/p>\n<p><b>&#8216;EKS\u0130K KOVU\u015eTURMA KARARI&#8217;<\/b><\/p>\n<p>Ali \u00d6zsoy, Nurettin Bozdo\u011fan ve Mustafa Y\u0131lmaz hakk\u0131nda verilen kararlar\u0131 da k\u0131ymetlendiren Yarg\u0131tay Ceza Dairesi, binan\u0131n taban kat\u0131nda yap\u0131lan tadilatlar\u0131n, ta\u015f\u0131y\u0131c\u0131 sistemi etkileyip etkilemedi\u011fi, yumu\u015fak kat olu\u015fumuna neden olup olmad\u0131\u011f\u0131 ve y\u0131k\u0131m\u0131n \u00f6nde gelen sebebinin bu m\u00fcdahalelerden kaynaklan\u0131p kaynaklanmad\u0131\u011f\u0131n\u0131n gere\u011fince ara\u015ft\u0131r\u0131lmad\u0131\u011f\u0131na h\u00fckmedip, uzman heyetinden ek rapor al\u0131nmadan karar kurulmas\u0131n\u0131n &#8216;eksik kovu\u015fturma&#8217; oldu\u011funu belirtti. Yarg\u0131tay, Binay B\u00fckey ve E\u015fref Perviz To\u011fulga&#8217;ya verilen kararlar\u0131n ise ceza sorumlulu\u011funun ki\u015fiselli\u011fi unsuru g\u00f6zetilmeden verildi\u011fine kanaat getirdi.<\/p>\n<p><b>&#8216;MESLEKTEN MEN CEZALARI HUKUKA AYKIRI&#8217;<\/b><\/p>\n<p>\u00d6te yandan san\u0131klar\u0131n kusur durumlar\u0131 ve verilen mahpus cezalar\u0131 ortas\u0131nda \u00e7eli\u015fkiler bulundu\u011fu, \u015fuurlu taksir sebebiyle yap\u0131lan ceza art\u0131r\u0131m\u0131n\u0131n yasal ve k\u00e2fi m\u00fcnasebete dayanmad\u0131\u011f\u0131n\u0131n alt\u0131 \u00e7izildi. Meslekten men cezalar\u0131n\u0131n da hukuka al\u0131\u015f\u0131lmam\u0131\u015f ve kararlar\u0131n\u0131n \u00e7al\u0131\u015fma h\u00fcrriyetini k\u0131s\u0131tlay\u0131c\u0131 nitelikte oldu\u011funa kanaat getirildi.<\/p>\n<p>Bu sebeplerden dolay\u0131 Yarg\u0131tay 12&#8217;nci Dairesi 5 san\u0131k hakk\u0131nda verilen beraat karar\u0131n\u0131 onay\u0131p, 6 san\u0131k hakk\u0131ndaki karar\u0131 bozdu ve belgeyi yine \u0130zmir 9&#8217;uncu A\u011f\u0131r Ceza Mahkemesi&#8217;ne g\u00f6nderdi. \u00d6te yandan tek tutuklu san\u0131k Mustafa Y\u0131lmaz&#8217;\u0131n da ge\u00e7en g\u00fcnlerde tahliye oldu\u011fu \u00f6\u011frenildi.<\/p>\n","protected":false},"excerpt":{"rendered":"<p>\u0130zmir&#8217;in Seferihisar il\u00e7esi a\u00e7\u0131klar\u0131nda meydana gelen 6.6 b\u00fcy\u00fckl\u00fc\u011f\u00fcndeki sars\u0131nt\u0131da 11 ki\u015finin \u00f6ld\u00fc\u011f\u00fc, 11 ki\u015finin yaraland\u0131\u011f\u0131 Y\u0131lmaz Erbek Apartman\u0131&#8217;nda Yarg\u0131tay 12&#8217;nci Ceza Dairesi, san\u0131klardan 5&#8217;i hakk\u0131nda verilen beraat kararlar\u0131n\u0131 onarken, 5&#8217;i i\u00e7in verilen mahpus cezalar\u0131 ile 1&#8217;i i\u00e7in verilen beraat karar\u0131n\u0131 bozup, belgeyi yine \u0130zmir 9&#8217;uncu A\u011f\u0131r Ceza Mahkemesi&#8217;ne g\u00f6nderdi.<\/p>\n","protected":false},"author":1,"featured_media":99481,"comment_status":"open","ping_status":"open","sticky":false,"template":"","format":"standard","meta":{"footnotes":""},"categories":[25],"tags":[796,53,149,668,3303],"class_list":["post-99480","post","type-post","status-publish","format-standard","has-post-thumbnail","hentry","category-gundem","tag-binanin","tag-ceza","tag-karar","tag-rapor","tag-yargitay"],"_links":{"self":[{"href":"https:\/\/ikimisli.tr\/index.php\/wp-json\/wp\/v2\/posts\/99480","targetHints":{"allow":["GET"]}}],"collection":[{"href":"https:\/\/ikimisli.tr\/index.php\/wp-json\/wp\/v2\/posts"}],"about":[{"href":"https:\/\/ikimisli.tr\/index.php\/wp-json\/wp\/v2\/types\/post"}],"author":[{"embeddable":true,"href":"https:\/\/ikimisli.tr\/index.php\/wp-json\/wp\/v2\/users\/1"}],"replies":[{"embeddable":true,"href":"https:\/\/ikimisli.tr\/index.php\/wp-json\/wp\/v2\/comments?post=99480"}],"version-history":[{"count":1,"href":"https:\/\/ikimisli.tr\/index.php\/wp-json\/wp\/v2\/posts\/99480\/revisions"}],"predecessor-version":[{"id":99482,"href":"https:\/\/ikimisli.tr\/index.php\/wp-json\/wp\/v2\/posts\/99480\/revisions\/99482"}],"wp:featuredmedia":[{"embeddable":true,"href":"https:\/\/ikimisli.tr\/index.php\/wp-json\/wp\/v2\/media\/99481"}],"wp:attachment":[{"href":"https:\/\/ikimisli.tr\/index.php\/wp-json\/wp\/v2\/media?parent=99480"}],"wp:term":[{"taxonomy":"category","embeddable":true,"href":"https:\/\/ikimisli.tr\/index.php\/wp-json\/wp\/v2\/categories?post=99480"},{"taxonomy":"post_tag","embeddable":true,"href":"https:\/\/ikimisli.tr\/index.php\/wp-json\/wp\/v2\/tags?post=99480"}],"curies":[{"name":"wp","href":"https:\/\/api.w.org\/{rel}","templated":true}]}}