{"id":7316,"count":1,"description":"","link":"https:\/\/ikimisli.tr\/index.php\/tag\/ucuncu-taraf\/","name":"\u00dc\u00e7\u00fcnc\u00fc Taraf","slug":"ucuncu-taraf","taxonomy":"post_tag","meta":[],"_links":{"self":[{"href":"https:\/\/ikimisli.tr\/index.php\/wp-json\/wp\/v2\/tags\/7316","targetHints":{"allow":["GET"]}}],"collection":[{"href":"https:\/\/ikimisli.tr\/index.php\/wp-json\/wp\/v2\/tags"}],"about":[{"href":"https:\/\/ikimisli.tr\/index.php\/wp-json\/wp\/v2\/taxonomies\/post_tag"}],"wp:post_type":[{"href":"https:\/\/ikimisli.tr\/index.php\/wp-json\/wp\/v2\/posts?tags=7316"}],"curies":[{"name":"wp","href":"https:\/\/api.w.org\/{rel}","templated":true}]}}